{"id":2881,"date":"2026-02-26T11:51:10","date_gmt":"2026-02-26T10:51:10","guid":{"rendered":"https:\/\/entreprendre-paysdecraon.com\/web\/?p=2881"},"modified":"2026-02-26T11:53:49","modified_gmt":"2026-02-26T10:53:49","slug":"galette-des-rois","status":"publish","type":"post","link":"https:\/\/entreprendre-paysdecraon.com\/web\/index.php\/2026\/02\/26\/galette-des-rois\/","title":{"rendered":"Galette des Rois"},"content":{"rendered":"\t\t<div data-elementor-type=\"wp-post\" data-elementor-id=\"2881\" class=\"elementor elementor-2881\">\n\t\t\t\t\t\t\t\t\t<section class=\"elementor-section elementor-top-section elementor-element elementor-element-2042b788 elementor-section-boxed elementor-section-height-default elementor-section-height-default\" data-id=\"2042b788\" data-element_type=\"section\">\n\t\t\t\t\t\t<div class=\"elementor-container elementor-column-gap-default\">\n\t\t\t\t\t<div class=\"elementor-column elementor-col-100 elementor-top-column elementor-element elementor-element-1c09109b\" data-id=\"1c09109b\" data-element_type=\"column\">\n\t\t\t<div class=\"elementor-widget-wrap elementor-element-populated\">\n\t\t\t\t\t\t\t\t<div class=\"elementor-element elementor-element-78c69228 elementor-widget elementor-widget-text-editor\" data-id=\"78c69228\" data-element_type=\"widget\" data-widget_type=\"text-editor.default\">\n\t\t\t\t<div class=\"elementor-widget-container\">\n\t\t\t\t\t\t\t<p>Les membres du Club des entrepreneurs du Pays de Craon se sont retrouv\u00e9s le 21 Janvier 2026 pour une soir\u00e9e plac\u00e9e sous le signe de la convivialit\u00e9 et du partage, au Mill\u00e9zime de Coss\u00e9-le-Vivien.<\/p>\n<p>Autour de g\u00e9n\u00e9reuses planches de charcuterie et d\u2019une savoureuse galette, les entrepreneurs du territoire ont pu \u00e9changer dans une ambiance d\u00e9tendue, propice aux discussions aussi bien professionnelles qu\u2019informelles. Ces moments permettent de renforcer les liens entre acteurs \u00e9conomiques locaux et de faire \u00e9merger de nouvelles id\u00e9es ou collaborations.<\/p>\n<p>La soir\u00e9e a \u00e9galement \u00e9t\u00e9 anim\u00e9e par un jeu de fl\u00e9chettes, qui a rapidement cr\u00e9e une joyeuse \u00e9mulation entre les participants.<\/p>\n<p>Entre jeu et r\u00e9seautage, cette rencontre valorise l\u2019entrepreneuriat local et donne envie de participer \u00e0 la prochaine rencontre.<\/p>\t\t\t\t\t\t<\/div>\n\t\t\t\t<\/div>\n\t\t\t\t\t<\/div>\n\t\t<\/div>\n\t\t\t\t\t\t\t<\/div>\n\t\t<\/section>\n\t\t\t\t\t\t\t<\/div>\n\t\t","protected":false},"excerpt":{"rendered":"<p>Les membres du Club des entrepreneurs du Pays de Craon se sont retrouv\u00e9s le 21 Janvier 2026 pour une soir\u00e9e plac\u00e9e sous le signe de la convivialit\u00e9 et du partage, au Mill\u00e9zime de Coss\u00e9-le-Vivien. Autour de g\u00e9n\u00e9reuses planches de charcuterie et d\u2019une savoureuse galette, les entrepreneurs du territoire ont pu \u00e9changer dans une ambiance d\u00e9tendue, [&hellip;]<\/p>\n","protected":false},"author":4,"featured_media":2882,"comment_status":"closed","ping_status":"closed","sticky":false,"template":"","format":"standard","meta":{"footnotes":""},"categories":[13],"tags":[],"class_list":["post-2881","post","type-post","status-publish","format-standard","has-post-thumbnail","hentry","category-visite-dentreprises"],"_links":{"self":[{"href":"https:\/\/entreprendre-paysdecraon.com\/web\/index.php\/wp-json\/wp\/v2\/posts\/2881","targetHints":{"allow":["GET"]}}],"collection":[{"href":"https:\/\/entreprendre-paysdecraon.com\/web\/index.php\/wp-json\/wp\/v2\/posts"}],"about":[{"href":"https:\/\/entreprendre-paysdecraon.com\/web\/index.php\/wp-json\/wp\/v2\/types\/post"}],"author":[{"embeddable":true,"href":"https:\/\/entreprendre-paysdecraon.com\/web\/index.php\/wp-json\/wp\/v2\/users\/4"}],"replies":[{"embeddable":true,"href":"https:\/\/entreprendre-paysdecraon.com\/web\/index.php\/wp-json\/wp\/v2\/comments?post=2881"}],"version-history":[{"count":4,"href":"https:\/\/entreprendre-paysdecraon.com\/web\/index.php\/wp-json\/wp\/v2\/posts\/2881\/revisions"}],"predecessor-version":[{"id":2886,"href":"https:\/\/entreprendre-paysdecraon.com\/web\/index.php\/wp-json\/wp\/v2\/posts\/2881\/revisions\/2886"}],"wp:featuredmedia":[{"embeddable":true,"href":"https:\/\/entreprendre-paysdecraon.com\/web\/index.php\/wp-json\/wp\/v2\/media\/2882"}],"wp:attachment":[{"href":"https:\/\/entreprendre-paysdecraon.com\/web\/index.php\/wp-json\/wp\/v2\/media?parent=2881"}],"wp:term":[{"taxonomy":"category","embeddable":true,"href":"https:\/\/entreprendre-paysdecraon.com\/web\/index.php\/wp-json\/wp\/v2\/categories?post=2881"},{"taxonomy":"post_tag","embeddable":true,"href":"https:\/\/entreprendre-paysdecraon.com\/web\/index.php\/wp-json\/wp\/v2\/tags?post=2881"}],"curies":[{"name":"wp","href":"https:\/\/api.w.org\/{rel}","templated":true}]}}