{"id":2834,"date":"2025-05-09T17:03:57","date_gmt":"2025-05-09T15:03:57","guid":{"rendered":"https:\/\/entreprendre-paysdecraon.com\/web\/?p=2834"},"modified":"2025-05-09T17:09:46","modified_gmt":"2025-05-09T15:09:46","slug":"assemblee-generale-du-club-le-24-avril-2025","status":"publish","type":"post","link":"https:\/\/entreprendre-paysdecraon.com\/web\/index.php\/2025\/05\/09\/assemblee-generale-du-club-le-24-avril-2025\/","title":{"rendered":"Assembl\u00e9e G\u00e9n\u00e9rale du Club le 24 avril 2025"},"content":{"rendered":"\t\t<div data-elementor-type=\"wp-post\" data-elementor-id=\"2834\" class=\"elementor elementor-2834\">\n\t\t\t\t\t\t\t\t\t<section class=\"elementor-section elementor-top-section elementor-element elementor-element-2042b788 elementor-section-boxed elementor-section-height-default elementor-section-height-default\" data-id=\"2042b788\" data-element_type=\"section\">\n\t\t\t\t\t\t<div class=\"elementor-container elementor-column-gap-default\">\n\t\t\t\t\t<div class=\"elementor-column elementor-col-100 elementor-top-column elementor-element elementor-element-1c09109b\" data-id=\"1c09109b\" data-element_type=\"column\">\n\t\t\t<div class=\"elementor-widget-wrap elementor-element-populated\">\n\t\t\t\t\t\t\t\t<div class=\"elementor-element elementor-element-78c69228 elementor-widget elementor-widget-text-editor\" data-id=\"78c69228\" data-element_type=\"widget\" data-widget_type=\"text-editor.default\">\n\t\t\t\t<div class=\"elementor-widget-container\">\n\t\t\t\t\t\t\t<p><span style=\"font-style: inherit; font-weight: inherit;\">Jeudi 24 avril s\u2019est tenue l\u2019Assembl\u00e9e G\u00e9n\u00e9rale annuelle du Club.<\/span><\/p><p>Une trentaine de personnes a r\u00e9pondu \u00e0 l\u2019invitation du Pr\u00e9sident du Club pour cette soir\u00e9e \u00e0 la salle communale de Simpl\u00e9.<\/p><p><u>Premi\u00e8re partie de soir\u00e9e<\/u>\u00a0: la pr\u00e9sentation du dispositif <b>H\u00e9bergement Temporaire chez l\u2019Habitant<\/b> (HTH) par Aur\u00e9lien TABURET, directeur de L\u2019Association D\u00e9partementale pour le Logement des Jeunes (ADLJ).<br \/>Depuis le 1er\u00a0septembre 2024, la Communaut\u00e9 de Communes du Pays de Craon s\u2019est associ\u00e9e avec l\u2019ADLJ, afin de d\u00e9ployer cette nouvelle solution d\u2019h\u00e9bergement en Pays de Craon !<\/p><p>Concr\u00e8tement, cette initiative permet aux jeunes \u00e2g\u00e9s de 15 \u00e0 30 ans, en apprentissage, en stage ou en mobilit\u00e9 professionnelle, de b\u00e9n\u00e9ficier d\u2019un logement au plus pr\u00e8s de leur emploi ou lieu de formation, \u00e0 un tarif avantageux.<\/p><p>Plus d\u2019informations\u00a0:<a href=\"https:\/\/www.adlj.org\/hebergement-temporaire-chez-lhabitant\/\">https:\/\/www.adlj.org\/hebergement-temporaire-chez-lhabitant\/<\/a>\u00a0<br \/><!-- [if !supportLineBreakNewLine]--><br \/><!--[endif]--><\/p><p><u>Deuxi\u00e8me partie de soir\u00e9e<\/u>\u00a0: une conf\u00e9rence du Professeur Fran\u00e7ois CARR\u00c9, ancien cardiologue et m\u00e9decin du sport au CHU de Rennes, et Professeur de Physiologie Cardiovasculaire \u00e0 la Facult\u00e9 de M\u00e9decine de Rennes.<br \/>Tr\u00e8s engag\u00e9 dans la lutte contre l\u2019inactivit\u00e9 physique, M. CARR\u00c9 a d\u00e9montr\u00e9, non sans humour, les effets n\u00e9fastes de notre s\u00e9dentarit\u00e9 et la n\u00e9cessit\u00e9 criante de bouger quotidiennement pour notre sant\u00e9 d\u2019aujourd\u2019hui et de demain.<\/p><p><span style=\"font-style: inherit; font-weight: inherit;\">La soir\u00e9e s\u2019est achev\u00e9e par un cocktail d\u00eenatoire pr\u00e9par\u00e9 par le restaurant du village Le Cheval Blanc.<\/span><\/p>\t\t\t\t\t\t<\/div>\n\t\t\t\t<\/div>\n\t\t\t\t\t<\/div>\n\t\t<\/div>\n\t\t\t\t\t\t\t<\/div>\n\t\t<\/section>\n\t\t\t\t\t\t\t<\/div>\n\t\t","protected":false},"excerpt":{"rendered":"<p>Jeudi 24 avril s\u2019est tenue l\u2019Assembl\u00e9e G\u00e9n\u00e9rale annuelle du Club. Une trentaine de personnes a r\u00e9pondu \u00e0 l\u2019invitation du Pr\u00e9sident du Club pour cette soir\u00e9e \u00e0 la salle communale de Simpl\u00e9. Premi\u00e8re partie de soir\u00e9e\u00a0: la pr\u00e9sentation du dispositif H\u00e9bergement Temporaire chez l\u2019Habitant (HTH) par Aur\u00e9lien TABURET, directeur de L\u2019Association D\u00e9partementale pour le Logement des [&hellip;]<\/p>\n","protected":false},"author":4,"featured_media":2835,"comment_status":"closed","ping_status":"closed","sticky":false,"template":"","format":"standard","meta":{"footnotes":""},"categories":[12],"tags":[],"class_list":["post-2834","post","type-post","status-publish","format-standard","has-post-thumbnail","hentry","category-reunion-ag"],"_links":{"self":[{"href":"https:\/\/entreprendre-paysdecraon.com\/web\/index.php\/wp-json\/wp\/v2\/posts\/2834","targetHints":{"allow":["GET"]}}],"collection":[{"href":"https:\/\/entreprendre-paysdecraon.com\/web\/index.php\/wp-json\/wp\/v2\/posts"}],"about":[{"href":"https:\/\/entreprendre-paysdecraon.com\/web\/index.php\/wp-json\/wp\/v2\/types\/post"}],"author":[{"embeddable":true,"href":"https:\/\/entreprendre-paysdecraon.com\/web\/index.php\/wp-json\/wp\/v2\/users\/4"}],"replies":[{"embeddable":true,"href":"https:\/\/entreprendre-paysdecraon.com\/web\/index.php\/wp-json\/wp\/v2\/comments?post=2834"}],"version-history":[{"count":7,"href":"https:\/\/entreprendre-paysdecraon.com\/web\/index.php\/wp-json\/wp\/v2\/posts\/2834\/revisions"}],"predecessor-version":[{"id":2842,"href":"https:\/\/entreprendre-paysdecraon.com\/web\/index.php\/wp-json\/wp\/v2\/posts\/2834\/revisions\/2842"}],"wp:featuredmedia":[{"embeddable":true,"href":"https:\/\/entreprendre-paysdecraon.com\/web\/index.php\/wp-json\/wp\/v2\/media\/2835"}],"wp:attachment":[{"href":"https:\/\/entreprendre-paysdecraon.com\/web\/index.php\/wp-json\/wp\/v2\/media?parent=2834"}],"wp:term":[{"taxonomy":"category","embeddable":true,"href":"https:\/\/entreprendre-paysdecraon.com\/web\/index.php\/wp-json\/wp\/v2\/categories?post=2834"},{"taxonomy":"post_tag","embeddable":true,"href":"https:\/\/entreprendre-paysdecraon.com\/web\/index.php\/wp-json\/wp\/v2\/tags?post=2834"}],"curies":[{"name":"wp","href":"https:\/\/api.w.org\/{rel}","templated":true}]}}