{"id":2792,"date":"2025-01-06T09:41:55","date_gmt":"2025-01-06T08:41:55","guid":{"rendered":"https:\/\/entreprendre-paysdecraon.com\/web\/?p=2792"},"modified":"2025-01-06T09:44:45","modified_gmt":"2025-01-06T08:44:45","slug":"soiree-conviviale-du-club","status":"publish","type":"post","link":"https:\/\/entreprendre-paysdecraon.com\/web\/index.php\/2025\/01\/06\/soiree-conviviale-du-club\/","title":{"rendered":"Soir\u00e9e conviviale du Club"},"content":{"rendered":"\t\t<div data-elementor-type=\"wp-post\" data-elementor-id=\"2792\" class=\"elementor elementor-2792\">\n\t\t\t\t\t\t\t\t\t<section class=\"elementor-section elementor-top-section elementor-element elementor-element-2042b788 elementor-section-boxed elementor-section-height-default elementor-section-height-default\" data-id=\"2042b788\" data-element_type=\"section\">\n\t\t\t\t\t\t<div class=\"elementor-container elementor-column-gap-default\">\n\t\t\t\t\t<div class=\"elementor-column elementor-col-100 elementor-top-column elementor-element elementor-element-1c09109b\" data-id=\"1c09109b\" data-element_type=\"column\">\n\t\t\t<div class=\"elementor-widget-wrap elementor-element-populated\">\n\t\t\t\t\t\t\t\t<div class=\"elementor-element elementor-element-78c69228 elementor-widget elementor-widget-text-editor\" data-id=\"78c69228\" data-element_type=\"widget\" data-widget_type=\"text-editor.default\">\n\t\t\t\t<div class=\"elementor-widget-container\">\n\t\t\t\t\t\t\t<p><span style=\"font-style: inherit; font-weight: inherit;\">Chaque fin d\u2019ann\u00e9e le Club des Entrepreneurs du Pays de Craon propose \u00e0 ses membres une soir\u00e9e conviviale.<\/span><\/p><p>\u00a0<\/p><p>Au programme de cette soir\u00e9e du Mardi 10 d\u00e9cembre 2024\u00a0:<br \/>&#8211; 18h30 d\u00e9couverte des illuminations de No\u00ebl de Laval (place de la Tr\u00e9moille)<br \/>&#8211; 19h45 embarquement \u00e0 bord du bateau croisi\u00e8re le Vallis Guidonis,<br \/>&#8211; 20h00 d\u00eener croisi\u00e8re sur la rivi\u00e8re la Mayenne<\/p><p>39 personnes ont embarqu\u00e9 \u00e0 bord du Vallis Guidonis qui malheureusement a d\u00fb rester \u00e0 quai \u00e0 cause du niveau de la rivi\u00e8re qui \u00e9tait trop \u00e9lev\u00e9\u00a0! Cela n\u2019a rien enlev\u00e9 \u00e0 l\u2019ambiance conviviale de cette soir\u00e9e\u00a0!!<\/p>\t\t\t\t\t\t<\/div>\n\t\t\t\t<\/div>\n\t\t\t\t\t<\/div>\n\t\t<\/div>\n\t\t\t\t\t\t\t<\/div>\n\t\t<\/section>\n\t\t\t\t\t\t\t<\/div>\n\t\t","protected":false},"excerpt":{"rendered":"<p>Chaque fin d\u2019ann\u00e9e le Club des Entrepreneurs du Pays de Craon propose \u00e0 ses membres une soir\u00e9e conviviale. \u00a0 Au programme de cette soir\u00e9e du Mardi 10 d\u00e9cembre 2024\u00a0:&#8211; 18h30 d\u00e9couverte des illuminations de No\u00ebl de Laval (place de la Tr\u00e9moille)&#8211; 19h45 embarquement \u00e0 bord du bateau croisi\u00e8re le Vallis Guidonis,&#8211; 20h00 d\u00eener croisi\u00e8re sur [&hellip;]<\/p>\n","protected":false},"author":4,"featured_media":2793,"comment_status":"closed","ping_status":"closed","sticky":false,"template":"","format":"standard","meta":{"footnotes":""},"categories":[13],"tags":[],"class_list":["post-2792","post","type-post","status-publish","format-standard","has-post-thumbnail","hentry","category-visite-dentreprises"],"_links":{"self":[{"href":"https:\/\/entreprendre-paysdecraon.com\/web\/index.php\/wp-json\/wp\/v2\/posts\/2792","targetHints":{"allow":["GET"]}}],"collection":[{"href":"https:\/\/entreprendre-paysdecraon.com\/web\/index.php\/wp-json\/wp\/v2\/posts"}],"about":[{"href":"https:\/\/entreprendre-paysdecraon.com\/web\/index.php\/wp-json\/wp\/v2\/types\/post"}],"author":[{"embeddable":true,"href":"https:\/\/entreprendre-paysdecraon.com\/web\/index.php\/wp-json\/wp\/v2\/users\/4"}],"replies":[{"embeddable":true,"href":"https:\/\/entreprendre-paysdecraon.com\/web\/index.php\/wp-json\/wp\/v2\/comments?post=2792"}],"version-history":[{"count":4,"href":"https:\/\/entreprendre-paysdecraon.com\/web\/index.php\/wp-json\/wp\/v2\/posts\/2792\/revisions"}],"predecessor-version":[{"id":2797,"href":"https:\/\/entreprendre-paysdecraon.com\/web\/index.php\/wp-json\/wp\/v2\/posts\/2792\/revisions\/2797"}],"wp:featuredmedia":[{"embeddable":true,"href":"https:\/\/entreprendre-paysdecraon.com\/web\/index.php\/wp-json\/wp\/v2\/media\/2793"}],"wp:attachment":[{"href":"https:\/\/entreprendre-paysdecraon.com\/web\/index.php\/wp-json\/wp\/v2\/media?parent=2792"}],"wp:term":[{"taxonomy":"category","embeddable":true,"href":"https:\/\/entreprendre-paysdecraon.com\/web\/index.php\/wp-json\/wp\/v2\/categories?post=2792"},{"taxonomy":"post_tag","embeddable":true,"href":"https:\/\/entreprendre-paysdecraon.com\/web\/index.php\/wp-json\/wp\/v2\/tags?post=2792"}],"curies":[{"name":"wp","href":"https:\/\/api.w.org\/{rel}","templated":true}]}}