{"id":2755,"date":"2024-10-25T11:07:31","date_gmt":"2024-10-25T09:07:31","guid":{"rendered":"https:\/\/entreprendre-paysdecraon.com\/web\/?p=2755"},"modified":"2024-10-25T11:09:49","modified_gmt":"2024-10-25T09:09:49","slug":"premiere-reunion-de-la-commission-rh","status":"publish","type":"post","link":"https:\/\/entreprendre-paysdecraon.com\/web\/index.php\/2024\/10\/25\/premiere-reunion-de-la-commission-rh\/","title":{"rendered":"Premi\u00e8re r\u00e9union de la commission RH"},"content":{"rendered":"\t\t<div data-elementor-type=\"wp-post\" data-elementor-id=\"2755\" class=\"elementor elementor-2755\">\n\t\t\t\t\t\t\t\t\t<section class=\"elementor-section elementor-top-section elementor-element elementor-element-2042b788 elementor-section-boxed elementor-section-height-default elementor-section-height-default\" data-id=\"2042b788\" data-element_type=\"section\">\n\t\t\t\t\t\t<div class=\"elementor-container elementor-column-gap-default\">\n\t\t\t\t\t<div class=\"elementor-column elementor-col-100 elementor-top-column elementor-element elementor-element-1c09109b\" data-id=\"1c09109b\" data-element_type=\"column\">\n\t\t\t<div class=\"elementor-widget-wrap elementor-element-populated\">\n\t\t\t\t\t\t\t\t<div class=\"elementor-element elementor-element-78c69228 elementor-widget elementor-widget-text-editor\" data-id=\"78c69228\" data-element_type=\"widget\" data-widget_type=\"text-editor.default\">\n\t\t\t\t<div class=\"elementor-widget-container\">\n\t\t\t\t\t\t\t<p>14 collaborateurs(trices) RH sur les 19 inscrit(e)s \u00e9taient pr\u00e9sent(e)s pour la premi\u00e8re r\u00e9union de la commission RH Mardi 17 septembre de 8h \u00e0 10h dans la salle du CIAS de Craon.<\/p><p>Apr\u00e8s une pr\u00e9sentation de chaque entreprise, Myriam JOUBERT et Pierre FAUROT ont pr\u00e9sent\u00e9 la finalit\u00e9 de la commission. Les personnes pr\u00e9sentes ont valid\u00e9 la p\u00e9riodicit\u00e9 des r\u00e9unions, \u00e0 savoir tous les deux mois, les horaires de 8h \u00e0 11h en tournant dans les entreprises du groupe de travail. Un groupe WhatsApp va \u00eatre cr\u00e9\u00e9 pour une communication plus efficace.<\/p><p>A chaque d\u00e9but de r\u00e9union, Pierre FAUROT nous proposera une veille sociale et juridique afin d\u2019\u00eatre inform\u00e9(e)s de l\u2019actualit\u00e9 du moment (Loi, D\u00e9crets, Jurisprudences\u2026).<br \/>Lors de cette premi\u00e8re r\u00e9union, plusieurs sujets ont \u00e9t\u00e9 list\u00e9s pour animer les prochaines r\u00e9unions.<\/p><p>Cette commission reste ouverte \u00e0 toute personne dont l\u2019Entreprise est adh\u00e9rente au Club des Entrepreneurs.<\/p><p>Il suffit d\u2019envoyer un mail \u00e0 Myriam JOUBERT\u00a0 myriam.joubert@adecco.fr si vous souhaitez davantage d\u2019informations et\/ou si vous souhaitez y participer.<br \/>Nous souhaitons longue vie \u00e0 cette commission.<\/p>\t\t\t\t\t\t<\/div>\n\t\t\t\t<\/div>\n\t\t\t\t\t<\/div>\n\t\t<\/div>\n\t\t\t\t\t\t\t<\/div>\n\t\t<\/section>\n\t\t\t\t\t\t\t<\/div>\n\t\t","protected":false},"excerpt":{"rendered":"<p>14 collaborateurs(trices) RH sur les 19 inscrit(e)s \u00e9taient pr\u00e9sent(e)s pour la premi\u00e8re r\u00e9union de la commission RH Mardi 17 septembre de 8h \u00e0 10h dans la salle du CIAS de Craon. Apr\u00e8s une pr\u00e9sentation de chaque entreprise, Myriam JOUBERT et Pierre FAUROT ont pr\u00e9sent\u00e9 la finalit\u00e9 de la commission. Les personnes pr\u00e9sentes ont valid\u00e9 la [&hellip;]<\/p>\n","protected":false},"author":4,"featured_media":2756,"comment_status":"closed","ping_status":"closed","sticky":false,"template":"","format":"standard","meta":{"footnotes":""},"categories":[11],"tags":[],"class_list":["post-2755","post","type-post","status-publish","format-standard","has-post-thumbnail","hentry","category-formation"],"_links":{"self":[{"href":"https:\/\/entreprendre-paysdecraon.com\/web\/index.php\/wp-json\/wp\/v2\/posts\/2755","targetHints":{"allow":["GET"]}}],"collection":[{"href":"https:\/\/entreprendre-paysdecraon.com\/web\/index.php\/wp-json\/wp\/v2\/posts"}],"about":[{"href":"https:\/\/entreprendre-paysdecraon.com\/web\/index.php\/wp-json\/wp\/v2\/types\/post"}],"author":[{"embeddable":true,"href":"https:\/\/entreprendre-paysdecraon.com\/web\/index.php\/wp-json\/wp\/v2\/users\/4"}],"replies":[{"embeddable":true,"href":"https:\/\/entreprendre-paysdecraon.com\/web\/index.php\/wp-json\/wp\/v2\/comments?post=2755"}],"version-history":[{"count":4,"href":"https:\/\/entreprendre-paysdecraon.com\/web\/index.php\/wp-json\/wp\/v2\/posts\/2755\/revisions"}],"predecessor-version":[{"id":2760,"href":"https:\/\/entreprendre-paysdecraon.com\/web\/index.php\/wp-json\/wp\/v2\/posts\/2755\/revisions\/2760"}],"wp:featuredmedia":[{"embeddable":true,"href":"https:\/\/entreprendre-paysdecraon.com\/web\/index.php\/wp-json\/wp\/v2\/media\/2756"}],"wp:attachment":[{"href":"https:\/\/entreprendre-paysdecraon.com\/web\/index.php\/wp-json\/wp\/v2\/media?parent=2755"}],"wp:term":[{"taxonomy":"category","embeddable":true,"href":"https:\/\/entreprendre-paysdecraon.com\/web\/index.php\/wp-json\/wp\/v2\/categories?post=2755"},{"taxonomy":"post_tag","embeddable":true,"href":"https:\/\/entreprendre-paysdecraon.com\/web\/index.php\/wp-json\/wp\/v2\/tags?post=2755"}],"curies":[{"name":"wp","href":"https:\/\/api.w.org\/{rel}","templated":true}]}}