{"id":2731,"date":"2024-04-26T14:14:40","date_gmt":"2024-04-26T12:14:40","guid":{"rendered":"http:\/\/entreprendre-paysdecraon.com\/web\/?p=2731"},"modified":"2024-04-26T14:16:08","modified_gmt":"2024-04-26T12:16:08","slug":"assemblee-generale-du-club","status":"publish","type":"post","link":"https:\/\/entreprendre-paysdecraon.com\/web\/index.php\/2024\/04\/26\/assemblee-generale-du-club\/","title":{"rendered":"Assembl\u00e9e G\u00e9n\u00e9rale du Club"},"content":{"rendered":"\t\t<div data-elementor-type=\"wp-post\" data-elementor-id=\"2731\" class=\"elementor elementor-2731\">\n\t\t\t\t\t\t\t\t\t<section class=\"elementor-section elementor-top-section elementor-element elementor-element-2042b788 elementor-section-boxed elementor-section-height-default elementor-section-height-default\" data-id=\"2042b788\" data-element_type=\"section\">\n\t\t\t\t\t\t<div class=\"elementor-container elementor-column-gap-default\">\n\t\t\t\t\t<div class=\"elementor-column elementor-col-100 elementor-top-column elementor-element elementor-element-1c09109b\" data-id=\"1c09109b\" data-element_type=\"column\">\n\t\t\t<div class=\"elementor-widget-wrap elementor-element-populated\">\n\t\t\t\t\t\t\t\t<div class=\"elementor-element elementor-element-78c69228 elementor-widget elementor-widget-text-editor\" data-id=\"78c69228\" data-element_type=\"widget\" data-widget_type=\"text-editor.default\">\n\t\t\t\t<div class=\"elementor-widget-container\">\n\t\t\t\t\t\t\t<p><strong>J<\/strong>e<b>udi 18 avril 2024<\/b> s\u2019est tenue l\u2019Assembl\u00e9e G\u00e9n\u00e9rale du Club dans un lieu pour le moins insolite : le centre de secours de Craon ! <br \/>Une trentaine de personnes ont assist\u00e9 \u00e0 l\u2019AG lors de laquelle ont \u00e9t\u00e9 pr\u00e9sent\u00e9s : quelques modifications des statuts de l\u2019association, le rapport d\u2019activit\u00e9 de l\u2019ann\u00e9e 2023 ainsi que le rapport financier. Les actions pr\u00e9visionnelles de 2024 ont \u00e9galement \u00e9t\u00e9 \u00e9voqu\u00e9es.<\/p><p>En premi\u00e8re partie de cette Assembl\u00e9e G\u00e9n\u00e9rale, deux membres de \u00ab R\u00e9seau Entreprendre Mayenne \u00bb ont expliqu\u00e9 le fonctionnement de ce r\u00e9seau et invit\u00e9 les chefs d\u2019entreprise \u00e0 y adh\u00e9rer s\u2019ils le souhaitent.<\/p><p>Benjamin GENDRY et Eric SALL\u00c9 du Centre de Secours ont ensuite expliqu\u00e9 le fonctionnement du centre, et ont sensibilis\u00e9 les chefs d\u2019entreprises pr\u00e9sents sur leur besoin de recrutements de sapeurs-pompiers volontaires, notamment en journ\u00e9e, au sein des entreprises et collectivit\u00e9s. Pour finir leur intervention, ils ont propos\u00e9 \u00e0 ceux qui le souhaitaient une mise en situation avec une immersion dans une pi\u00e8ce remplie d\u2019une fum\u00e9e dense et opaque.<\/p><p>La soir\u00e9e s\u2019est poursuit par un cocktail d\u00eenatoire plac\u00e9 sous le signe de la magie avec Franck VEYRINE, magicien, illusionniste.<\/p><p>Une Assembl\u00e9e G\u00e9n\u00e9rale pleine de surprises et de belles d\u00e9couvertes !<\/p>\t\t\t\t\t\t<\/div>\n\t\t\t\t<\/div>\n\t\t\t\t\t<\/div>\n\t\t<\/div>\n\t\t\t\t\t\t\t<\/div>\n\t\t<\/section>\n\t\t\t\t\t\t\t<\/div>\n\t\t","protected":false},"excerpt":{"rendered":"<p>Jeudi 18 avril 2024 s\u2019est tenue l\u2019Assembl\u00e9e G\u00e9n\u00e9rale du Club dans un lieu pour le moins insolite : le centre de secours de Craon ! Une trentaine de personnes ont assist\u00e9 \u00e0 l\u2019AG lors de laquelle ont \u00e9t\u00e9 pr\u00e9sent\u00e9s : quelques modifications des statuts de l\u2019association, le rapport d\u2019activit\u00e9 de l\u2019ann\u00e9e 2023 ainsi que le [&hellip;]<\/p>\n","protected":false},"author":4,"featured_media":2732,"comment_status":"closed","ping_status":"closed","sticky":false,"template":"","format":"standard","meta":{"footnotes":""},"categories":[12],"tags":[],"class_list":["post-2731","post","type-post","status-publish","format-standard","has-post-thumbnail","hentry","category-reunion-ag"],"_links":{"self":[{"href":"https:\/\/entreprendre-paysdecraon.com\/web\/index.php\/wp-json\/wp\/v2\/posts\/2731","targetHints":{"allow":["GET"]}}],"collection":[{"href":"https:\/\/entreprendre-paysdecraon.com\/web\/index.php\/wp-json\/wp\/v2\/posts"}],"about":[{"href":"https:\/\/entreprendre-paysdecraon.com\/web\/index.php\/wp-json\/wp\/v2\/types\/post"}],"author":[{"embeddable":true,"href":"https:\/\/entreprendre-paysdecraon.com\/web\/index.php\/wp-json\/wp\/v2\/users\/4"}],"replies":[{"embeddable":true,"href":"https:\/\/entreprendre-paysdecraon.com\/web\/index.php\/wp-json\/wp\/v2\/comments?post=2731"}],"version-history":[{"count":0,"href":"https:\/\/entreprendre-paysdecraon.com\/web\/index.php\/wp-json\/wp\/v2\/posts\/2731\/revisions"}],"wp:featuredmedia":[{"embeddable":true,"href":"https:\/\/entreprendre-paysdecraon.com\/web\/index.php\/wp-json\/wp\/v2\/media\/2732"}],"wp:attachment":[{"href":"https:\/\/entreprendre-paysdecraon.com\/web\/index.php\/wp-json\/wp\/v2\/media?parent=2731"}],"wp:term":[{"taxonomy":"category","embeddable":true,"href":"https:\/\/entreprendre-paysdecraon.com\/web\/index.php\/wp-json\/wp\/v2\/categories?post=2731"},{"taxonomy":"post_tag","embeddable":true,"href":"https:\/\/entreprendre-paysdecraon.com\/web\/index.php\/wp-json\/wp\/v2\/tags?post=2731"}],"curies":[{"name":"wp","href":"https:\/\/api.w.org\/{rel}","templated":true}]}}