{"id":2684,"date":"2023-07-17T14:38:19","date_gmt":"2023-07-17T12:38:19","guid":{"rendered":"http:\/\/entreprendre-paysdecraon.com\/web\/?p=2684"},"modified":"2023-07-17T14:45:54","modified_gmt":"2023-07-17T12:45:54","slug":"rse-partage-de-bonnes-pratiques-carpenter","status":"publish","type":"post","link":"https:\/\/entreprendre-paysdecraon.com\/web\/index.php\/2023\/07\/17\/rse-partage-de-bonnes-pratiques-carpenter\/","title":{"rendered":"RSE &#8211; partage de bonnes pratiques &#8211; CARPENTER"},"content":{"rendered":"\t\t<div data-elementor-type=\"wp-post\" data-elementor-id=\"2684\" class=\"elementor elementor-2684\">\n\t\t\t\t\t\t\t\t\t<section class=\"elementor-section elementor-top-section elementor-element elementor-element-2042b788 elementor-section-boxed elementor-section-height-default elementor-section-height-default\" data-id=\"2042b788\" data-element_type=\"section\">\n\t\t\t\t\t\t<div class=\"elementor-container elementor-column-gap-default\">\n\t\t\t\t\t<div class=\"elementor-column elementor-col-100 elementor-top-column elementor-element elementor-element-1c09109b\" data-id=\"1c09109b\" data-element_type=\"column\">\n\t\t\t<div class=\"elementor-widget-wrap elementor-element-populated\">\n\t\t\t\t\t\t\t\t<div class=\"elementor-element elementor-element-78c69228 elementor-widget elementor-widget-text-editor\" data-id=\"78c69228\" data-element_type=\"widget\" data-widget_type=\"text-editor.default\">\n\t\t\t\t<div class=\"elementor-widget-container\">\n\t\t\t\t\t\t\t<p>Dans la continuit\u00e9 de la soir\u00e9e organis\u00e9e en f\u00e9vrier dernier par le Club, sur la Fresque du Climat, les membres du bureau invitent les entreprises \u00e0 partager leurs initiatives, actions mises en place, retour d\u2019exp\u00e9rience\u2026 recenser les bonnes pratiques en mati\u00e8re de RSE (Responsabilit\u00e9 soci\u00e9tale des entreprises).<\/p><p><strong>Second t\u00e9moignage : l\u2019entreprise CARPENTER de Craon <\/strong><\/p><p>Le recyclage sur le site de Carpenter Craon<\/p><p>L\u2019usine Carpenter de Craon est sp\u00e9cialis\u00e9e dans la transformation de mousses et mat\u00e9riaux fibreux bas\u00e9e sur 3 grandes forces : les mat\u00e9riaux, l\u2019ing\u00e9nierie et ses process diversifi\u00e9s.<br \/>Ses produits issus principalement de mousses polyur\u00e9thanes, Poly\u00e9thyl\u00e8nes ou de Caoutchouc permettent d\u2019am\u00e9liorer le confort pour traiter une probl\u00e9matique de traitement acoustique ou thermique, des fonctions d\u2019\u00e9tanch\u00e9it\u00e9, de filtration, mais \u00e9galement de protection de pi\u00e8ces d\u2019aspect.<br \/>Nos domaines d&rsquo;applications s\u2019\u00e9tendent de l\u2019emballage avec la protection de tout type de produits, des pi\u00e8ces pour les v\u00e9hicules type tracteur, bus, ou automobile, des si\u00e8ges d\u2019avion, des pi\u00e8ces isolantes pour les chaudi\u00e8res, pour les syst\u00e8mes de ventilation, pour l\u2019\u00e9lectrom\u00e9nager. Le site de Craon travaille aussi pour la maroquinerie de Luxe, les \u00e9quipementiers de protection individuelles et l\u2019ameublement.<\/p><p>Depuis plusieurs ann\u00e9es, Carpenter a lanc\u00e9 une d\u00e9marche environnementale de recyclage de ses chutes de production en mettant en place des fili\u00e8res de recyclages sp\u00e9cifiques.<br \/>&#8211; Les chutes de mousse Polyur\u00e9thane sont compact\u00e9es en balles de d\u00e9chets de mousse. Celles-ci sont renvoy\u00e9es sur un autre site du groupe, o\u00f9 ces balles seront recycl\u00e9es et transform\u00e9es en blocs de mousse agglom\u00e9r\u00e9e. Cette mousse sera r\u00e9utilis\u00e9e pour des fonctions d\u2019isolant phonique.<br \/>&#8211; Les chutes de Poly\u00e9thyl\u00e8ne sont aussi r\u00e9cup\u00e9r\u00e9es dans des broyeurs pour les transformer en lingot. Ceux-ci sont revendus \u00e0 notre fournisseur qui les r\u00e9utilisera.<br \/>200 tonnes de chutes sont ainsi r\u00e9cup\u00e9r\u00e9es par an.<br \/>Dans le m\u00eame principe de recyclage, nous utilisons d\u2019autres mati\u00e8res premi\u00e8res comme de la fibre polyester fabriqu\u00e9e \u00e0 partir de bouteilles plastiques, ou du feutre de coton issu de l\u2019effilochage de v\u00eatements usag\u00e9s.<br \/>Depuis la hausse des co\u00fbts \u00e9nerg\u00e9tiques, une d\u00e9marche collaborative a \u00e9t\u00e9 lanc\u00e9e avec le personnel pour optimiser l\u2019utilisation de l\u2019\u00e9lectricit\u00e9 (utilisation de temporisation pour les \u00e9clairages des vestiaires et des all\u00e9es, ordinateurs \u00e9teints le soir\u2026) et du gaz (optimisation du fonctionnement des fours par exemple).<\/p>\t\t\t\t\t\t<\/div>\n\t\t\t\t<\/div>\n\t\t\t\t\t<\/div>\n\t\t<\/div>\n\t\t\t\t\t\t\t<\/div>\n\t\t<\/section>\n\t\t\t\t\t\t\t<\/div>\n\t\t","protected":false},"excerpt":{"rendered":"<p>Dans la continuit\u00e9 de la soir\u00e9e organis\u00e9e en f\u00e9vrier dernier par le Club, sur la Fresque du Climat, les membres du bureau invitent les entreprises \u00e0 partager leurs initiatives, actions mises en place, retour d\u2019exp\u00e9rience\u2026 recenser les bonnes pratiques en mati\u00e8re de RSE (Responsabilit\u00e9 soci\u00e9tale des entreprises). Second t\u00e9moignage : l\u2019entreprise CARPENTER de Craon Le [&hellip;]<\/p>\n","protected":false},"author":4,"featured_media":2685,"comment_status":"closed","ping_status":"closed","sticky":false,"template":"","format":"standard","meta":{"footnotes":""},"categories":[13],"tags":[],"class_list":["post-2684","post","type-post","status-publish","format-standard","has-post-thumbnail","hentry","category-visite-dentreprises"],"_links":{"self":[{"href":"https:\/\/entreprendre-paysdecraon.com\/web\/index.php\/wp-json\/wp\/v2\/posts\/2684","targetHints":{"allow":["GET"]}}],"collection":[{"href":"https:\/\/entreprendre-paysdecraon.com\/web\/index.php\/wp-json\/wp\/v2\/posts"}],"about":[{"href":"https:\/\/entreprendre-paysdecraon.com\/web\/index.php\/wp-json\/wp\/v2\/types\/post"}],"author":[{"embeddable":true,"href":"https:\/\/entreprendre-paysdecraon.com\/web\/index.php\/wp-json\/wp\/v2\/users\/4"}],"replies":[{"embeddable":true,"href":"https:\/\/entreprendre-paysdecraon.com\/web\/index.php\/wp-json\/wp\/v2\/comments?post=2684"}],"version-history":[{"count":0,"href":"https:\/\/entreprendre-paysdecraon.com\/web\/index.php\/wp-json\/wp\/v2\/posts\/2684\/revisions"}],"wp:featuredmedia":[{"embeddable":true,"href":"https:\/\/entreprendre-paysdecraon.com\/web\/index.php\/wp-json\/wp\/v2\/media\/2685"}],"wp:attachment":[{"href":"https:\/\/entreprendre-paysdecraon.com\/web\/index.php\/wp-json\/wp\/v2\/media?parent=2684"}],"wp:term":[{"taxonomy":"category","embeddable":true,"href":"https:\/\/entreprendre-paysdecraon.com\/web\/index.php\/wp-json\/wp\/v2\/categories?post=2684"},{"taxonomy":"post_tag","embeddable":true,"href":"https:\/\/entreprendre-paysdecraon.com\/web\/index.php\/wp-json\/wp\/v2\/tags?post=2684"}],"curies":[{"name":"wp","href":"https:\/\/api.w.org\/{rel}","templated":true}]}}