{"id":2524,"date":"2022-06-08T14:05:54","date_gmt":"2022-06-08T12:05:54","guid":{"rendered":"http:\/\/entreprendre-paysdecraon.com\/web\/?p=2524"},"modified":"2022-06-08T14:14:00","modified_gmt":"2022-06-08T12:14:00","slug":"visite-dentreprise-les-transports-gillois-a-craon","status":"publish","type":"post","link":"https:\/\/entreprendre-paysdecraon.com\/web\/index.php\/2022\/06\/08\/visite-dentreprise-les-transports-gillois-a-craon\/","title":{"rendered":"Visite d&rsquo;entreprise : Les Transports Gillois \u00e0 Craon"},"content":{"rendered":"\t\t<div data-elementor-type=\"wp-post\" data-elementor-id=\"2524\" class=\"elementor elementor-2524\">\n\t\t\t\t\t\t\t\t\t<section class=\"elementor-section elementor-top-section elementor-element elementor-element-2042b788 elementor-section-boxed elementor-section-height-default elementor-section-height-default\" data-id=\"2042b788\" data-element_type=\"section\">\n\t\t\t\t\t\t<div class=\"elementor-container elementor-column-gap-default\">\n\t\t\t\t\t<div class=\"elementor-column elementor-col-100 elementor-top-column elementor-element elementor-element-1c09109b\" data-id=\"1c09109b\" data-element_type=\"column\">\n\t\t\t<div class=\"elementor-widget-wrap elementor-element-populated\">\n\t\t\t\t\t\t\t\t<div class=\"elementor-element elementor-element-78c69228 elementor-widget elementor-widget-text-editor\" data-id=\"78c69228\" data-element_type=\"widget\" data-widget_type=\"text-editor.default\">\n\t\t\t\t<div class=\"elementor-widget-container\">\n\t\t\t\t\t\t\t<p>Le Club des Entrepreneurs du Pays de Craon organise, pour ses membres, le Mardi 14 juin 2022 \u00e0 18h00, la visite des Transports Gillois \u00e0 Craon. Visite des ateliers, des entrep\u00f4ts, des bureaux, situ\u00e9s 15 boulevard Gustave Eiffel \u00e0 Craon. La visite durera 1h30 et sera suivi d&rsquo;un cocktail d\u00eenatoire.<\/p>\t\t\t\t\t\t<\/div>\n\t\t\t\t<\/div>\n\t\t\t\t\t<\/div>\n\t\t<\/div>\n\t\t\t\t\t\t\t<\/div>\n\t\t<\/section>\n\t\t\t\t\t\t\t<\/div>\n\t\t","protected":false},"excerpt":{"rendered":"<p>Le Club des Entrepreneurs du Pays de Craon organise, pour ses membres, le Mardi 14 juin 2022 \u00e0 18h00, la visite des Transports Gillois \u00e0 Craon. Visite des ateliers, des entrep\u00f4ts, des bureaux, situ\u00e9s 15 boulevard Gustave Eiffel \u00e0 Craon. La visite durera 1h30 et sera suivi d&rsquo;un cocktail d\u00eenatoire.<\/p>\n","protected":false},"author":4,"featured_media":2525,"comment_status":"closed","ping_status":"closed","sticky":false,"template":"","format":"standard","meta":{"footnotes":""},"categories":[13],"tags":[],"class_list":["post-2524","post","type-post","status-publish","format-standard","has-post-thumbnail","hentry","category-visite-dentreprises"],"_links":{"self":[{"href":"https:\/\/entreprendre-paysdecraon.com\/web\/index.php\/wp-json\/wp\/v2\/posts\/2524","targetHints":{"allow":["GET"]}}],"collection":[{"href":"https:\/\/entreprendre-paysdecraon.com\/web\/index.php\/wp-json\/wp\/v2\/posts"}],"about":[{"href":"https:\/\/entreprendre-paysdecraon.com\/web\/index.php\/wp-json\/wp\/v2\/types\/post"}],"author":[{"embeddable":true,"href":"https:\/\/entreprendre-paysdecraon.com\/web\/index.php\/wp-json\/wp\/v2\/users\/4"}],"replies":[{"embeddable":true,"href":"https:\/\/entreprendre-paysdecraon.com\/web\/index.php\/wp-json\/wp\/v2\/comments?post=2524"}],"version-history":[{"count":0,"href":"https:\/\/entreprendre-paysdecraon.com\/web\/index.php\/wp-json\/wp\/v2\/posts\/2524\/revisions"}],"wp:featuredmedia":[{"embeddable":true,"href":"https:\/\/entreprendre-paysdecraon.com\/web\/index.php\/wp-json\/wp\/v2\/media\/2525"}],"wp:attachment":[{"href":"https:\/\/entreprendre-paysdecraon.com\/web\/index.php\/wp-json\/wp\/v2\/media?parent=2524"}],"wp:term":[{"taxonomy":"category","embeddable":true,"href":"https:\/\/entreprendre-paysdecraon.com\/web\/index.php\/wp-json\/wp\/v2\/categories?post=2524"},{"taxonomy":"post_tag","embeddable":true,"href":"https:\/\/entreprendre-paysdecraon.com\/web\/index.php\/wp-json\/wp\/v2\/tags?post=2524"}],"curies":[{"name":"wp","href":"https:\/\/api.w.org\/{rel}","templated":true}]}}