{"id":2515,"date":"2021-09-29T12:04:13","date_gmt":"2021-09-29T10:04:13","guid":{"rendered":"http:\/\/entreprendre-paysdecraon.com\/web\/?p=2515"},"modified":"2021-09-29T12:12:43","modified_gmt":"2021-09-29T10:12:43","slug":"assemblee-generale-du-club-des-entrepreneurs","status":"publish","type":"post","link":"https:\/\/entreprendre-paysdecraon.com\/web\/index.php\/2021\/09\/29\/assemblee-generale-du-club-des-entrepreneurs\/","title":{"rendered":"Assembl\u00e9e G\u00e9n\u00e9rale du Club des Entrepreneurs"},"content":{"rendered":"\t\t<div data-elementor-type=\"wp-post\" data-elementor-id=\"2515\" class=\"elementor elementor-2515\">\n\t\t\t\t\t\t\t\t\t<section class=\"elementor-section elementor-top-section elementor-element elementor-element-2042b788 elementor-section-boxed elementor-section-height-default elementor-section-height-default\" data-id=\"2042b788\" data-element_type=\"section\">\n\t\t\t\t\t\t<div class=\"elementor-container elementor-column-gap-default\">\n\t\t\t\t\t<div class=\"elementor-column elementor-col-100 elementor-top-column elementor-element elementor-element-1c09109b\" data-id=\"1c09109b\" data-element_type=\"column\">\n\t\t\t<div class=\"elementor-widget-wrap elementor-element-populated\">\n\t\t\t\t\t\t\t\t<div class=\"elementor-element elementor-element-78c69228 elementor-widget elementor-widget-text-editor\" data-id=\"78c69228\" data-element_type=\"widget\" data-widget_type=\"text-editor.default\">\n\t\t\t\t<div class=\"elementor-widget-container\">\n\t\t\t\t\t\t\t<p>L&rsquo;Assembl\u00e9e G\u00e9n\u00e9rale annuelle du Club des Entrepreneurs du Pays de Craon se d\u00e9roulera le <strong>Mardi 19 octobre 2021 \u00e0 18h30<\/strong> \u00e0 la salle Saint-Martin sur la commune de Saint-Martin du Limet.<br \/>A l&rsquo;ordre du jour :<br \/>&#8211; Mot d&rsquo;accueil du maire M. Bourbon.<br \/>&#8211; Pr\u00e9sentation de l&rsquo;association \u00ab\u00a0De la Mayenne aux grandes \u00e9coles\u00a0\u00bb par Florian DASRAS.<br \/>&#8211; Pr\u00e9sentation du parrainage d&rsquo;Initiative Mayenne.<br \/>&#8211; D\u00e9signation du tiers sortant. &#8211; Projets 2021-2022.<br \/>La soir\u00e9e se cl\u00f4turera par un cocktail d\u00eenatoire.<\/p>\t\t\t\t\t\t<\/div>\n\t\t\t\t<\/div>\n\t\t\t\t\t<\/div>\n\t\t<\/div>\n\t\t\t\t\t\t\t<\/div>\n\t\t<\/section>\n\t\t\t\t\t\t\t<\/div>\n\t\t","protected":false},"excerpt":{"rendered":"<p>L&rsquo;Assembl\u00e9e G\u00e9n\u00e9rale annuelle du Club des Entrepreneurs du Pays de Craon se d\u00e9roulera le Mardi 19 octobre 2021 \u00e0 18h30 \u00e0 la salle Saint-Martin sur la commune de Saint-Martin du Limet.A l&rsquo;ordre du jour :&#8211; Mot d&rsquo;accueil du maire M. Bourbon.&#8211; Pr\u00e9sentation de l&rsquo;association \u00ab\u00a0De la Mayenne aux grandes \u00e9coles\u00a0\u00bb par Florian DASRAS.&#8211; Pr\u00e9sentation du [&hellip;]<\/p>\n","protected":false},"author":4,"featured_media":2516,"comment_status":"closed","ping_status":"closed","sticky":false,"template":"","format":"standard","meta":{"footnotes":""},"categories":[12],"tags":[],"class_list":["post-2515","post","type-post","status-publish","format-standard","has-post-thumbnail","hentry","category-reunion-ag"],"_links":{"self":[{"href":"https:\/\/entreprendre-paysdecraon.com\/web\/index.php\/wp-json\/wp\/v2\/posts\/2515","targetHints":{"allow":["GET"]}}],"collection":[{"href":"https:\/\/entreprendre-paysdecraon.com\/web\/index.php\/wp-json\/wp\/v2\/posts"}],"about":[{"href":"https:\/\/entreprendre-paysdecraon.com\/web\/index.php\/wp-json\/wp\/v2\/types\/post"}],"author":[{"embeddable":true,"href":"https:\/\/entreprendre-paysdecraon.com\/web\/index.php\/wp-json\/wp\/v2\/users\/4"}],"replies":[{"embeddable":true,"href":"https:\/\/entreprendre-paysdecraon.com\/web\/index.php\/wp-json\/wp\/v2\/comments?post=2515"}],"version-history":[{"count":0,"href":"https:\/\/entreprendre-paysdecraon.com\/web\/index.php\/wp-json\/wp\/v2\/posts\/2515\/revisions"}],"wp:featuredmedia":[{"embeddable":true,"href":"https:\/\/entreprendre-paysdecraon.com\/web\/index.php\/wp-json\/wp\/v2\/media\/2516"}],"wp:attachment":[{"href":"https:\/\/entreprendre-paysdecraon.com\/web\/index.php\/wp-json\/wp\/v2\/media?parent=2515"}],"wp:term":[{"taxonomy":"category","embeddable":true,"href":"https:\/\/entreprendre-paysdecraon.com\/web\/index.php\/wp-json\/wp\/v2\/categories?post=2515"},{"taxonomy":"post_tag","embeddable":true,"href":"https:\/\/entreprendre-paysdecraon.com\/web\/index.php\/wp-json\/wp\/v2\/tags?post=2515"}],"curies":[{"name":"wp","href":"https:\/\/api.w.org\/{rel}","templated":true}]}}